{"id":14467,"date":"2022-02-22T12:45:18","date_gmt":"2022-02-22T12:45:18","guid":{"rendered":"http:\/\/www.mairipora.sp.gov.br\/cultura\/?p=14467"},"modified":"2022-03-19T19:20:08","modified_gmt":"2022-03-19T19:20:08","slug":"chamamento-de-artistas-locais-aniversario-de-133-anos-de-mairipora","status":"publish","type":"post","link":"https:\/\/www.mairipora.sp.gov.br\/cultura\/chamamento-de-artistas-locais-aniversario-de-133-anos-de-mairipora\/","title":{"rendered":"CHAMAMENTO DE ARTISTAS LOCAIS &#8211; ANIVERS\u00c1RIO DE 133 ANOS DE MAIRIPOR\u00c3"},"content":{"rendered":"\t\t<div data-elementor-type=\"wp-post\" data-elementor-id=\"14467\" class=\"elementor elementor-14467\">\n\t\t\t\t\t\t<section class=\"elementor-section elementor-top-section elementor-element elementor-element-73b42d65 elementor-section-boxed elementor-section-height-default elementor-section-height-default\" data-id=\"73b42d65\" data-element_type=\"section\">\n\t\t\t\t\t\t<div class=\"elementor-container elementor-column-gap-default\">\n\t\t\t\t\t<div class=\"elementor-column elementor-col-100 elementor-top-column elementor-element elementor-element-7e582ece\" data-id=\"7e582ece\" data-element_type=\"column\">\n\t\t\t<div class=\"elementor-widget-wrap elementor-element-populated\">\n\t\t\t\t\t\t<div class=\"elementor-element elementor-element-6fbecf73 elementor-widget elementor-widget-heading\" data-id=\"6fbecf73\" data-element_type=\"widget\" data-widget_type=\"heading.default\">\n\t\t\t\t<div class=\"elementor-widget-container\">\n\t\t\t\t\t<h2 class=\"elementor-heading-title elementor-size-default\">INSCRI\u00c7\u00d5ES DE 25\/02\/2022 AT\u00c9 13\/03\/2022<\/h2>\t\t\t\t<\/div>\n\t\t\t\t<\/div>\n\t\t\t\t\t<\/div>\n\t\t<\/div>\n\t\t\t\t\t<\/div>\n\t\t<\/section>\n\t\t\t\t<section class=\"elementor-section elementor-top-section elementor-element elementor-element-d03982b elementor-section-boxed elementor-section-height-default elementor-section-height-default\" data-id=\"d03982b\" data-element_type=\"section\">\n\t\t\t\t\t\t<div class=\"elementor-container elementor-column-gap-default\">\n\t\t\t\t\t<div class=\"elementor-column elementor-col-100 elementor-top-column elementor-element elementor-element-05ded08\" data-id=\"05ded08\" data-element_type=\"column\">\n\t\t\t<div class=\"elementor-widget-wrap elementor-element-populated\">\n\t\t\t\t\t\t<section class=\"elementor-section elementor-inner-section elementor-element elementor-element-40d7f64 elementor-section-boxed elementor-section-height-default elementor-section-height-default\" data-id=\"40d7f64\" data-element_type=\"section\">\n\t\t\t\t\t\t<div class=\"elementor-container elementor-column-gap-default\">\n\t\t\t\t\t<div class=\"elementor-column elementor-col-50 elementor-inner-column elementor-element elementor-element-eb5c767\" data-id=\"eb5c767\" data-element_type=\"column\">\n\t\t\t<div class=\"elementor-widget-wrap elementor-element-populated\">\n\t\t\t\t\t\t<div class=\"elementor-element elementor-element-897740d elementor-widget elementor-widget-image\" data-id=\"897740d\" data-element_type=\"widget\" data-widget_type=\"image.default\">\n\t\t\t\t<div class=\"elementor-widget-container\">\n\t\t\t\t\t\t\t\t\t\t\t\t\t\t\t<img fetchpriority=\"high\" decoding=\"async\" width=\"900\" height=\"900\" src=\"http:\/\/apps.mairipora.sp.gov.br\/cultura\/wp-content\/uploads\/2022\/02\/chamamento-1-1024x1024.jpg\" class=\"attachment-large size-large wp-image-14487\" alt=\"\" srcset=\"http:\/\/apps.mairipora.sp.gov.br\/cultura\/wp-content\/uploads\/2022\/02\/chamamento-1-1024x1024.jpg 1024w, http:\/\/apps.mairipora.sp.gov.br\/cultura\/wp-content\/uploads\/2022\/02\/chamamento-1-300x300.jpg 300w, http:\/\/apps.mairipora.sp.gov.br\/cultura\/wp-content\/uploads\/2022\/02\/chamamento-1-150x150.jpg 150w, http:\/\/apps.mairipora.sp.gov.br\/cultura\/wp-content\/uploads\/2022\/02\/chamamento-1-768x768.jpg 768w, http:\/\/apps.mairipora.sp.gov.br\/cultura\/wp-content\/uploads\/2022\/02\/chamamento-1.jpg 1200w\" sizes=\"(max-width: 900px) 100vw, 900px\" \/>\t\t\t\t\t\t\t\t\t\t\t\t\t\t\t<\/div>\n\t\t\t\t<\/div>\n\t\t\t\t\t<\/div>\n\t\t<\/div>\n\t\t\t\t<div class=\"elementor-column elementor-col-50 elementor-inner-column elementor-element elementor-element-fb75e2a\" data-id=\"fb75e2a\" data-element_type=\"column\">\n\t\t\t<div class=\"elementor-widget-wrap elementor-element-populated\">\n\t\t\t\t\t\t<div class=\"elementor-element elementor-element-25e06b9 elementor-widget elementor-widget-text-editor\" data-id=\"25e06b9\" data-element_type=\"widget\" data-widget_type=\"text-editor.default\">\n\t\t\t\t<div class=\"elementor-widget-container\">\n\t\t\t\t\t\t\t\t\t<p><strong>CHAMAMENTO P\u00daBLICO 002\/2022 &#8211; (Regulamento Anexo)<\/strong><\/p><p>A Unidade de Gest\u00e3o de Cultura da Prefeitura de Mairipor\u00e3, informa a data das<strong> inscri\u00e7\u00f5es para os Artistas Locais.<\/strong><\/p><p>As inscri\u00e7\u00f5es poder\u00e3o ser realizadas <strong>a partir do dia 25 de fevereiro at\u00e9 13 de mar\u00e7o <\/strong>.<\/p><p><strong>IMPORTANTE!<\/strong><br \/>Antes de se inscrever acesse o edital.<\/p>\t\t\t\t\t\t\t\t<\/div>\n\t\t\t\t<\/div>\n\t\t\t\t\t<\/div>\n\t\t<\/div>\n\t\t\t\t\t<\/div>\n\t\t<\/section>\n\t\t\t\t\t<\/div>\n\t\t<\/div>\n\t\t\t\t\t<\/div>\n\t\t<\/section>\n\t\t\t\t<section class=\"elementor-section elementor-top-section elementor-element elementor-element-78254c2 elementor-section-boxed elementor-section-height-default elementor-section-height-default\" data-id=\"78254c2\" data-element_type=\"section\">\n\t\t\t\t\t\t<div class=\"elementor-container elementor-column-gap-default\">\n\t\t\t\t\t<div class=\"elementor-column elementor-col-33 elementor-top-column elementor-element elementor-element-2eba7a7\" data-id=\"2eba7a7\" data-element_type=\"column\">\n\t\t\t<div class=\"elementor-widget-wrap elementor-element-populated\">\n\t\t\t\t\t\t<div class=\"elementor-element elementor-element-2024f2b3 elementor-mobile-align-center elementor-align-center elementor-widget elementor-widget-button\" data-id=\"2024f2b3\" data-element_type=\"widget\" data-widget_type=\"button.default\">\n\t\t\t\t<div class=\"elementor-widget-container\">\n\t\t\t\t\t\t\t\t\t<div class=\"elementor-button-wrapper\">\n\t\t\t\t\t<a class=\"elementor-button elementor-button-link elementor-size-sm\" href=\"https:\/\/drive.google.com\/file\/d\/1MYVztMcbhWjGVimlzvLFitMg5dly3voO\/view?usp=sharing\" target=\"_blank\">\n\t\t\t\t\t\t<span class=\"elementor-button-content-wrapper\">\n\t\t\t\t\t\t<span class=\"elementor-button-icon\">\n\t\t\t\t<i aria-hidden=\"true\" class=\"far fa-arrow-alt-circle-right\"><\/i>\t\t\t<\/span>\n\t\t\t\t\t\t\t\t\t<span class=\"elementor-button-text\">Edital<\/span>\n\t\t\t\t\t<\/span>\n\t\t\t\t\t<\/a>\n\t\t\t\t<\/div>\n\t\t\t\t\t\t\t\t<\/div>\n\t\t\t\t<\/div>\n\t\t\t\t\t<\/div>\n\t\t<\/div>\n\t\t\t\t<div class=\"elementor-column elementor-col-33 elementor-top-column elementor-element elementor-element-b27483b\" data-id=\"b27483b\" data-element_type=\"column\">\n\t\t\t<div class=\"elementor-widget-wrap elementor-element-populated\">\n\t\t\t\t\t\t<div class=\"elementor-element elementor-element-4061983 elementor-mobile-align-center elementor-align-center elementor-button-info elementor-widget elementor-widget-button\" data-id=\"4061983\" data-element_type=\"widget\" data-widget_type=\"button.default\">\n\t\t\t\t<div class=\"elementor-widget-container\">\n\t\t\t\t\t\t\t\t\t<div class=\"elementor-button-wrapper\">\n\t\t\t\t\t<a class=\"elementor-button elementor-button-link elementor-size-sm\" href=\"https:\/\/forms.gle\/1X8gmKpawfy3bsMM6\" target=\"_blank\">\n\t\t\t\t\t\t<span class=\"elementor-button-content-wrapper\">\n\t\t\t\t\t\t<span class=\"elementor-button-icon\">\n\t\t\t\t<i aria-hidden=\"true\" class=\"far fa-arrow-alt-circle-right\"><\/i>\t\t\t<\/span>\n\t\t\t\t\t\t\t\t\t<span class=\"elementor-button-text\">Formul\u00e1rio de Inscri\u00e7\u00e3o<\/span>\n\t\t\t\t\t<\/span>\n\t\t\t\t\t<\/a>\n\t\t\t\t<\/div>\n\t\t\t\t\t\t\t\t<\/div>\n\t\t\t\t<\/div>\n\t\t\t\t\t<\/div>\n\t\t<\/div>\n\t\t\t\t<div class=\"elementor-column elementor-col-33 elementor-top-column elementor-element elementor-element-fcfc963\" data-id=\"fcfc963\" data-element_type=\"column\">\n\t\t\t<div class=\"elementor-widget-wrap elementor-element-populated\">\n\t\t\t\t\t\t<div class=\"elementor-element elementor-element-5025941 elementor-mobile-align-center elementor-align-center elementor-button-info elementor-widget elementor-widget-button\" data-id=\"5025941\" data-element_type=\"widget\" data-widget_type=\"button.default\">\n\t\t\t\t<div class=\"elementor-widget-container\">\n\t\t\t\t\t\t\t\t\t<div class=\"elementor-button-wrapper\">\n\t\t\t\t\t<a class=\"elementor-button elementor-button-link elementor-size-sm\" href=\"http:\/\/www.mairipora.sp.gov.br\/cultura\/wp-content\/uploads\/2022\/03\/ATA-COMISSAO-DE-SELECAO_-ANIVERSARIO-DE-MAIRIPORA-2022.pdf\" target=\"_blank\">\n\t\t\t\t\t\t<span class=\"elementor-button-content-wrapper\">\n\t\t\t\t\t\t<span class=\"elementor-button-icon\">\n\t\t\t\t<i aria-hidden=\"true\" class=\"far fa-arrow-alt-circle-right\"><\/i>\t\t\t<\/span>\n\t\t\t\t\t\t\t\t\t<span class=\"elementor-button-text\">RESULTADO<\/span>\n\t\t\t\t\t<\/span>\n\t\t\t\t\t<\/a>\n\t\t\t\t<\/div>\n\t\t\t\t\t\t\t\t<\/div>\n\t\t\t\t<\/div>\n\t\t\t\t\t<\/div>\n\t\t<\/div>\n\t\t\t\t\t<\/div>\n\t\t<\/section>\n\t\t\t\t<\/div>\n\t\t","protected":false},"excerpt":{"rendered":"<p>INSCRI\u00c7\u00d5ES DE 25\/02\/2022 AT\u00c9 13\/03\/2022 CHAMAMENTO P\u00daBLICO 002\/2022 &#8211; (Regulamento Anexo) A Unidade de Gest\u00e3o de Cultura da Prefeitura de Mairipor\u00e3, informa a data das&hellip; <a class=\"continue\" href=\"https:\/\/www.mairipora.sp.gov.br\/cultura\/chamamento-de-artistas-locais-aniversario-de-133-anos-de-mairipora\/\">Continue Reading<span> CHAMAMENTO DE ARTISTAS LOCAIS &#8211; ANIVERS\u00c1RIO DE 133 ANOS DE MAIRIPOR\u00c3<\/span><\/a><\/p>\n","protected":false},"author":2,"featured_media":14546,"comment_status":"closed","ping_status":"open","sticky":false,"template":"","format":"standard","meta":{"footnotes":""},"categories":[31,32,1],"tags":[87,74,79,88,89],"class_list":["post-14467","post","type-post","status-publish","format-standard","has-post-thumbnail","hentry","category-editais","category-noticias","category-uncategorized","tag-cultura","tag-mairipora","tag-musica","tag-serra-da-cantereira","tag-terra-preta"],"_links":{"self":[{"href":"https:\/\/www.mairipora.sp.gov.br\/cultura\/wp-json\/wp\/v2\/posts\/14467","targetHints":{"allow":["GET"]}}],"collection":[{"href":"https:\/\/www.mairipora.sp.gov.br\/cultura\/wp-json\/wp\/v2\/posts"}],"about":[{"href":"https:\/\/www.mairipora.sp.gov.br\/cultura\/wp-json\/wp\/v2\/types\/post"}],"author":[{"embeddable":true,"href":"https:\/\/www.mairipora.sp.gov.br\/cultura\/wp-json\/wp\/v2\/users\/2"}],"replies":[{"embeddable":true,"href":"https:\/\/www.mairipora.sp.gov.br\/cultura\/wp-json\/wp\/v2\/comments?post=14467"}],"version-history":[{"count":55,"href":"https:\/\/www.mairipora.sp.gov.br\/cultura\/wp-json\/wp\/v2\/posts\/14467\/revisions"}],"predecessor-version":[{"id":14739,"href":"https:\/\/www.mairipora.sp.gov.br\/cultura\/wp-json\/wp\/v2\/posts\/14467\/revisions\/14739"}],"wp:featuredmedia":[{"embeddable":true,"href":"https:\/\/www.mairipora.sp.gov.br\/cultura\/wp-json\/wp\/v2\/media\/14546"}],"wp:attachment":[{"href":"https:\/\/www.mairipora.sp.gov.br\/cultura\/wp-json\/wp\/v2\/media?parent=14467"}],"wp:term":[{"taxonomy":"category","embeddable":true,"href":"https:\/\/www.mairipora.sp.gov.br\/cultura\/wp-json\/wp\/v2\/categories?post=14467"},{"taxonomy":"post_tag","embeddable":true,"href":"https:\/\/www.mairipora.sp.gov.br\/cultura\/wp-json\/wp\/v2\/tags?post=14467"}],"curies":[{"name":"wp","href":"https:\/\/api.w.org\/{rel}","templated":true}]}}