{"id":14597,"date":"2022-03-14T20:17:26","date_gmt":"2022-03-14T20:17:26","guid":{"rendered":"http:\/\/www.mairipora.sp.gov.br\/cultura\/?p=14597"},"modified":"2022-03-16T17:31:55","modified_gmt":"2022-03-16T17:31:55","slug":"chamamento-de-artistas-locais-prazo-prorrogado-ate-terca-feira-15-de-marco","status":"publish","type":"post","link":"https:\/\/www.mairipora.sp.gov.br\/cultura\/chamamento-de-artistas-locais-prazo-prorrogado-ate-terca-feira-15-de-marco\/","title":{"rendered":"CHAMAMENTO DE ARTISTAS LOCAIS &#8211; PRAZO PRORROGADO AT\u00c9 QUARTA-FEIRA, 16 DE MAR\u00c7O"},"content":{"rendered":"\t\t<div data-elementor-type=\"wp-post\" data-elementor-id=\"14597\" class=\"elementor elementor-14597\">\n\t\t\t\t\t\t<section class=\"elementor-section elementor-top-section elementor-element elementor-element-9628ad0 elementor-section-boxed elementor-section-height-default elementor-section-height-default\" data-id=\"9628ad0\" data-element_type=\"section\">\n\t\t\t\t\t\t<div class=\"elementor-container elementor-column-gap-default\">\n\t\t\t\t\t<div class=\"elementor-column elementor-col-100 elementor-top-column elementor-element elementor-element-1281aae\" data-id=\"1281aae\" data-element_type=\"column\">\n\t\t\t<div class=\"elementor-widget-wrap elementor-element-populated\">\n\t\t\t\t\t\t<div class=\"elementor-element elementor-element-7e99fbf elementor-widget elementor-widget-heading\" data-id=\"7e99fbf\" data-element_type=\"widget\" data-widget_type=\"heading.default\">\n\t\t\t\t<div class=\"elementor-widget-container\">\n\t\t\t\t\t<h2 class=\"elementor-heading-title elementor-size-default\">PRAZO PRORROGADO AT\u00c9 QUARTA-FEIRA, 16 DE MAR\u00c7O!<\/h2>\t\t\t\t<\/div>\n\t\t\t\t<\/div>\n\t\t\t\t<div class=\"elementor-element elementor-element-200e6ee elementor-widget elementor-widget-text-editor\" data-id=\"200e6ee\" data-element_type=\"widget\" data-widget_type=\"text-editor.default\">\n\t\t\t\t<div class=\"elementor-widget-container\">\n\t\t\t\t\t\t\t\t\t<p>Por quest\u00f5es de instabilidades ocorridas no final de semana, no servidor que hospeda o site da Prefeitura de Mairipor\u00e3 e a Plataforma da Cultura, PRORROGAMOS AT\u00c9 QUARTA-FEIRA, 16 DE MAR\u00c7O, as inscri\u00e7\u00f5es para grupos e artistas locais interessados em participar do processo de sele\u00e7\u00e3o de atividades.\u00a0<\/p><p>Acesse no link abaixo todas as informa\u00e7\u00f5es e FORMUL\u00c1RIO DE INSCRI\u00c7\u00c3O!<\/p>\t\t\t\t\t\t\t\t<\/div>\n\t\t\t\t<\/div>\n\t\t\t\t<div class=\"elementor-element elementor-element-123e12b elementor-widget elementor-widget-button\" data-id=\"123e12b\" data-element_type=\"widget\" data-widget_type=\"button.default\">\n\t\t\t\t<div class=\"elementor-widget-container\">\n\t\t\t\t\t\t\t\t\t<div class=\"elementor-button-wrapper\">\n\t\t\t\t\t<a class=\"elementor-button elementor-button-link elementor-size-sm\" href=\"http:\/\/mairipora.sp.gov.br\/cultura\/chamamento-de-artistas-locais-aniversario-de-133-anos-de-mairipora\/\">\n\t\t\t\t\t\t<span class=\"elementor-button-content-wrapper\">\n\t\t\t\t\t\t\t\t\t<span class=\"elementor-button-text\">ACESSE AQUI<\/span>\n\t\t\t\t\t<\/span>\n\t\t\t\t\t<\/a>\n\t\t\t\t<\/div>\n\t\t\t\t\t\t\t\t<\/div>\n\t\t\t\t<\/div>\n\t\t\t\t\t<\/div>\n\t\t<\/div>\n\t\t\t\t\t<\/div>\n\t\t<\/section>\n\t\t\t\t<\/div>\n\t\t","protected":false},"excerpt":{"rendered":"<p>Prorrogado o prazo para inscri\u00e7\u00f5es de grupos e artistas musicais para a programa\u00e7\u00e3o do ANIVERS\u00c1RIO DE MAIRIPOR\u00c3! <a class=\"continue\" href=\"https:\/\/www.mairipora.sp.gov.br\/cultura\/chamamento-de-artistas-locais-prazo-prorrogado-ate-terca-feira-15-de-marco\/\">Continue Reading<span> CHAMAMENTO DE ARTISTAS LOCAIS &#8211; PRAZO PRORROGADO AT\u00c9 QUARTA-FEIRA, 16 DE MAR\u00c7O<\/span><\/a><\/p>\n","protected":false},"author":1,"featured_media":14546,"comment_status":"closed","ping_status":"open","sticky":false,"template":"","format":"standard","meta":{"footnotes":""},"categories":[32],"tags":[],"class_list":["post-14597","post","type-post","status-publish","format-standard","has-post-thumbnail","hentry","category-noticias"],"_links":{"self":[{"href":"https:\/\/www.mairipora.sp.gov.br\/cultura\/wp-json\/wp\/v2\/posts\/14597","targetHints":{"allow":["GET"]}}],"collection":[{"href":"https:\/\/www.mairipora.sp.gov.br\/cultura\/wp-json\/wp\/v2\/posts"}],"about":[{"href":"https:\/\/www.mairipora.sp.gov.br\/cultura\/wp-json\/wp\/v2\/types\/post"}],"author":[{"embeddable":true,"href":"https:\/\/www.mairipora.sp.gov.br\/cultura\/wp-json\/wp\/v2\/users\/1"}],"replies":[{"embeddable":true,"href":"https:\/\/www.mairipora.sp.gov.br\/cultura\/wp-json\/wp\/v2\/comments?post=14597"}],"version-history":[{"count":10,"href":"https:\/\/www.mairipora.sp.gov.br\/cultura\/wp-json\/wp\/v2\/posts\/14597\/revisions"}],"predecessor-version":[{"id":14670,"href":"https:\/\/www.mairipora.sp.gov.br\/cultura\/wp-json\/wp\/v2\/posts\/14597\/revisions\/14670"}],"wp:featuredmedia":[{"embeddable":true,"href":"https:\/\/www.mairipora.sp.gov.br\/cultura\/wp-json\/wp\/v2\/media\/14546"}],"wp:attachment":[{"href":"https:\/\/www.mairipora.sp.gov.br\/cultura\/wp-json\/wp\/v2\/media?parent=14597"}],"wp:term":[{"taxonomy":"category","embeddable":true,"href":"https:\/\/www.mairipora.sp.gov.br\/cultura\/wp-json\/wp\/v2\/categories?post=14597"},{"taxonomy":"post_tag","embeddable":true,"href":"https:\/\/www.mairipora.sp.gov.br\/cultura\/wp-json\/wp\/v2\/tags?post=14597"}],"curies":[{"name":"wp","href":"https:\/\/api.w.org\/{rel}","templated":true}]}}